{"id":385,"date":"2024-06-15T19:27:04","date_gmt":"2024-06-15T22:27:04","guid":{"rendered":"https:\/\/maoamigamg.org.br\/2024\/?p=385"},"modified":"2024-06-15T19:32:58","modified_gmt":"2024-06-15T22:32:58","slug":"mao-amiga-completa-18-anos-de-compromisso-e-transformacao-em-formiga-copy","status":"publish","type":"post","link":"https:\/\/maoamigamg.org.br\/2024\/mao-amiga-completa-18-anos-de-compromisso-e-transformacao-em-formiga-copy\/","title":{"rendered":"18 anos de  M\u00e3o Amiga"},"content":{"rendered":"\t\t<div data-elementor-type=\"wp-post\" data-elementor-id=\"385\" class=\"elementor elementor-385\" data-elementor-post-type=\"post\">\n\t\t\t\t<div class=\"elementor-element elementor-element-1975717 e-flex e-con-boxed e-con e-parent\" data-id=\"1975717\" data-element_type=\"container\">\n\t\t\t\t\t<div class=\"e-con-inner\">\n\t\t\t\t<div class=\"elementor-element elementor-element-db64838 elementor-widget elementor-widget-text-editor\" data-id=\"db64838\" data-element_type=\"widget\" data-widget_type=\"text-editor.default\">\n\t\t\t\t<div class=\"elementor-widget-container\">\n\t\t\t<style>\/*! elementor - v3.22.0 - 26-06-2024 *\/\n.elementor-widget-text-editor.elementor-drop-cap-view-stacked .elementor-drop-cap{background-color:#69727d;color:#fff}.elementor-widget-text-editor.elementor-drop-cap-view-framed .elementor-drop-cap{color:#69727d;border:3px solid;background-color:transparent}.elementor-widget-text-editor:not(.elementor-drop-cap-view-default) .elementor-drop-cap{margin-top:8px}.elementor-widget-text-editor:not(.elementor-drop-cap-view-default) .elementor-drop-cap-letter{width:1em;height:1em}.elementor-widget-text-editor .elementor-drop-cap{float:left;text-align:center;line-height:1;font-size:50px}.elementor-widget-text-editor .elementor-drop-cap-letter{display:inline-block}<\/style>\t\t\t\t<p>No dia 9 de junho de 2006, um grupo de volunt\u00e1rios em Formiga deu in\u00edcio a um projeto que viria a se tornar um pilar de cuidado e esperan\u00e7a na comunidade. A Associa\u00e7\u00e3o M\u00e3o Amiga foi fundada com um prop\u00f3sito claro: oferecer apoio integral a pacientes enfrentando desafios de sa\u00fade, especialmente relacionados ao c\u00e2ncer.<\/p>\t\t\t\t\t\t<\/div>\n\t\t\t\t<\/div>\n\t\t\t\t\t<\/div>\n\t\t\t\t<\/div>\n\t\t<div class=\"elementor-element elementor-element-6967976 e-flex e-con-boxed e-con e-parent\" data-id=\"6967976\" data-element_type=\"container\">\n\t\t\t\t\t<div class=\"e-con-inner\">\n\t\t\t\t<div class=\"elementor-element elementor-element-eae616f elementor-widget elementor-widget-image\" data-id=\"eae616f\" data-element_type=\"widget\" data-widget_type=\"image.default\">\n\t\t\t\t<div class=\"elementor-widget-container\">\n\t\t\t<style>\/*! elementor - v3.22.0 - 26-06-2024 *\/\n.elementor-widget-image{text-align:center}.elementor-widget-image a{display:inline-block}.elementor-widget-image a img[src$=\".svg\"]{width:48px}.elementor-widget-image img{vertical-align:middle;display:inline-block}<\/style>\t\t\t\t\t\t\t\t\t\t<img fetchpriority=\"high\" decoding=\"async\" width=\"800\" height=\"400\" src=\"https:\/\/maoamigamg.org.br\/2024\/wp-content\/uploads\/2024\/06\/mao-amiga-1-1280x640-1-1024x512.jpg\" class=\"attachment-large size-large wp-image-258\" alt=\"\" srcset=\"https:\/\/maoamigamg.org.br\/2024\/wp-content\/uploads\/2024\/06\/mao-amiga-1-1280x640-1-1024x512.jpg 1024w, https:\/\/maoamigamg.org.br\/2024\/wp-content\/uploads\/2024\/06\/mao-amiga-1-1280x640-1-300x150.jpg 300w, https:\/\/maoamigamg.org.br\/2024\/wp-content\/uploads\/2024\/06\/mao-amiga-1-1280x640-1-768x384.jpg 768w, https:\/\/maoamigamg.org.br\/2024\/wp-content\/uploads\/2024\/06\/mao-amiga-1-1280x640-1.jpg 1280w\" sizes=\"(max-width: 800px) 100vw, 800px\" \/>\t\t\t\t\t\t\t\t\t\t\t\t\t<\/div>\n\t\t\t\t<\/div>\n\t\t\t\t\t<\/div>\n\t\t\t\t<\/div>\n\t\t<div class=\"elementor-element elementor-element-064d6b9 e-flex e-con-boxed e-con e-parent\" data-id=\"064d6b9\" data-element_type=\"container\">\n\t\t\t\t\t<div class=\"e-con-inner\">\n\t\t\t\t<div class=\"elementor-element elementor-element-30cb481 elementor-widget elementor-widget-text-editor\" data-id=\"30cb481\" data-element_type=\"widget\" data-widget_type=\"text-editor.default\">\n\t\t\t\t<div class=\"elementor-widget-container\">\n\t\t\t\t\t\t\t<p>O que come\u00e7ou com um pequeno grupo de pessoas com um objetivo comum hoje se transformou em um centro de refer\u00eancia em assist\u00eancia social e terap\u00eautica na regi\u00e3o.<\/p><p>A entidade completou 18 anos no domingo (9), \u00a0expandindo significativamente suas opera\u00e7\u00f5es. Inicialmente focada em oferecer tratamentos como fisioterapia ortop\u00e9dica, neurol\u00f3gica e oncol\u00f3gica, a associa\u00e7\u00e3o rapidamente diversificou seus servi\u00e7os para incluir nutri\u00e7\u00e3o, apoio psicol\u00f3gico e grupos de suporte emocional. Essa abordagem hol\u00edstica n\u00e3o apenas trata os aspectos f\u00edsicos da doen\u00e7a, mas tamb\u00e9m proporciona conforto e apoio emocional essencial para pacientes e suas fam\u00edlias.<\/p><p>Al\u00e9m dos servi\u00e7os cl\u00ednicos, a M\u00e3o Amiga se destaca pela sua iniciativa de sustentabilidade social. Um brech\u00f3 solid\u00e1rio oferece uma variedade de produtos acess\u00edveis, como tecidos diversos, panos de prato e artesanatos feitos \u00e0 m\u00e3o por volunt\u00e1rias dedicadas. Essa iniciativa n\u00e3o apenas ajuda a financiar as atividades da associa\u00e7\u00e3o, mas tamb\u00e9m promove a inclus\u00e3o social e fortalece os la\u00e7os comunit\u00e1rios.<\/p><p>O sucesso da Associa\u00e7\u00e3o M\u00e3o Amiga \u00e9 resultado do apoio cont\u00ednuo da comunidade. Doadores individuais, empresas locais e parceiros comunit\u00e1rios desempenham um papel crucial na sustenta\u00e7\u00e3o e expans\u00e3o dos servi\u00e7os oferecidos. Com o apoio desses parceiros, a associa\u00e7\u00e3o planeja expandir suas instala\u00e7\u00f5es para incluir tratamentos pedi\u00e1tricos, atendendo a uma demanda crescente por servi\u00e7os neurol\u00f3gicos e oncol\u00f3gicos para crian\u00e7as na regi\u00e3o.<\/p><p>\u201c\u00c0 medida que celebramos 18 anos de dedica\u00e7\u00e3o e impacto positivo, a M\u00e3o Amiga reafirma seu compromisso de continuar servindo \u00e0 comunidade com compaix\u00e3o e excel\u00eancia. A jornada at\u00e9 aqui foi marcada por hist\u00f3rias de supera\u00e7\u00e3o, solidariedade e esperan\u00e7a, e estamos animados para enfrentar os desafios futuros com o mesmo esp\u00edrito de uni\u00e3o e determina\u00e7\u00e3o\u201d, destacou a associa\u00e7\u00e3o.<\/p><p>Para mais informa\u00e7\u00f5es sobre a Associa\u00e7\u00e3o M\u00e3o Amiga, formas de contribuir ou agendar uma visita, entre em contato pelo telefone (37) 3322-3291 ou visite a sede na Rua Marechal Deodoro, 354, no Centro de Formiga.<\/p><p>Fonte: M\u00e3o Amiga<\/p>\t\t\t\t\t\t<\/div>\n\t\t\t\t<\/div>\n\t\t\t\t\t<\/div>\n\t\t\t\t<\/div>\n\t\t<div class=\"elementor-element elementor-element-5430eb7 e-flex e-con-boxed e-con e-parent\" data-id=\"5430eb7\" data-element_type=\"container\">\n\t\t\t\t\t<div class=\"e-con-inner\">\n\t\t<div class=\"elementor-element elementor-element-f52855a e-flex e-con-boxed e-con e-child\" data-id=\"f52855a\" data-element_type=\"container\">\n\t\t\t\t\t<div class=\"e-con-inner\">\n\t\t\t\t<div class=\"elementor-element elementor-element-0439bb4 elementor-widget elementor-widget-image\" data-id=\"0439bb4\" data-element_type=\"widget\" data-widget_type=\"image.default\">\n\t\t\t\t<div class=\"elementor-widget-container\">\n\t\t\t\t\t\t\t\t\t\t\t\t\t<img decoding=\"async\" width=\"800\" height=\"578\" src=\"https:\/\/maoamigamg.org.br\/2024\/wp-content\/uploads\/2024\/06\/mao-amiga-9-2048x1480-1-1024x740.jpg\" class=\"attachment-large size-large wp-image-259\" alt=\"\" srcset=\"https:\/\/maoamigamg.org.br\/2024\/wp-content\/uploads\/2024\/06\/mao-amiga-9-2048x1480-1-1024x740.jpg 1024w, https:\/\/maoamigamg.org.br\/2024\/wp-content\/uploads\/2024\/06\/mao-amiga-9-2048x1480-1-300x217.jpg 300w, https:\/\/maoamigamg.org.br\/2024\/wp-content\/uploads\/2024\/06\/mao-amiga-9-2048x1480-1-768x555.jpg 768w, https:\/\/maoamigamg.org.br\/2024\/wp-content\/uploads\/2024\/06\/mao-amiga-9-2048x1480-1-1536x1110.jpg 1536w, https:\/\/maoamigamg.org.br\/2024\/wp-content\/uploads\/2024\/06\/mao-amiga-9-2048x1480-1.jpg 2048w\" sizes=\"(max-width: 800px) 100vw, 800px\" \/>\t\t\t\t\t\t\t\t\t\t\t\t\t<\/div>\n\t\t\t\t<\/div>\n\t\t\t\t\t<\/div>\n\t\t\t\t<\/div>\n\t\t\t\t\t<\/div>\n\t\t\t\t<\/div>\n\t\t\t\t<\/div>\n\t\t","protected":false},"excerpt":{"rendered":"<p>No dia 9 de junho de 2006, um grupo de volunt\u00e1rios em Formiga deu in\u00edcio a um projeto que viria a se tornar um pilar de cuidado e esperan\u00e7a na comunidade. A Associa\u00e7\u00e3o M\u00e3o Amiga foi fundada com um prop\u00f3sito claro: oferecer apoio integral a pacientes enfrentando desafios de sa\u00fade, especialmente relacionados ao c\u00e2ncer.<\/p>\n","protected":false},"author":1,"featured_media":260,"comment_status":"closed","ping_status":"closed","sticky":false,"template":"","format":"standard","meta":{"_eb_attr":"","footnotes":"","_wpscppro_custom_social_share_image":0,"_facebook_share_type":"default","_twitter_share_type":"default","_linkedin_share_type":"default","_pinterest_share_type":"default","_linkedin_share_type_page":"","_instagram_share_type":"default","_selected_social_profile":[]},"categories":[1,9],"tags":[],"_links":{"self":[{"href":"https:\/\/maoamigamg.org.br\/2024\/wp-json\/wp\/v2\/posts\/385"}],"collection":[{"href":"https:\/\/maoamigamg.org.br\/2024\/wp-json\/wp\/v2\/posts"}],"about":[{"href":"https:\/\/maoamigamg.org.br\/2024\/wp-json\/wp\/v2\/types\/post"}],"author":[{"embeddable":true,"href":"https:\/\/maoamigamg.org.br\/2024\/wp-json\/wp\/v2\/users\/1"}],"replies":[{"embeddable":true,"href":"https:\/\/maoamigamg.org.br\/2024\/wp-json\/wp\/v2\/comments?post=385"}],"version-history":[{"count":5,"href":"https:\/\/maoamigamg.org.br\/2024\/wp-json\/wp\/v2\/posts\/385\/revisions"}],"predecessor-version":[{"id":390,"href":"https:\/\/maoamigamg.org.br\/2024\/wp-json\/wp\/v2\/posts\/385\/revisions\/390"}],"wp:featuredmedia":[{"embeddable":true,"href":"https:\/\/maoamigamg.org.br\/2024\/wp-json\/wp\/v2\/media\/260"}],"wp:attachment":[{"href":"https:\/\/maoamigamg.org.br\/2024\/wp-json\/wp\/v2\/media?parent=385"}],"wp:term":[{"taxonomy":"category","embeddable":true,"href":"https:\/\/maoamigamg.org.br\/2024\/wp-json\/wp\/v2\/categories?post=385"},{"taxonomy":"post_tag","embeddable":true,"href":"https:\/\/maoamigamg.org.br\/2024\/wp-json\/wp\/v2\/tags?post=385"}],"curies":[{"name":"wp","href":"https:\/\/api.w.org\/{rel}","templated":true}]}}